{"id":3817,"global_id":"fundacionjaviermarin.mx\/en\/?id=3817","global_id_lineage":["fundacionjaviermarin.mx\/en\/?id=3817"],"author":"5","status":"publish","date":"2019-10-14 17:59:44","date_utc":"2019-10-14 22:59:44","modified":"2019-10-14 18:00:17","modified_utc":"2019-10-14 23:00:17","url":"https:\/\/fundacionjaviermarin.mx\/en\/encuentro\/kimonosydisenosccc\/","rest_url":"https:\/\/fundacionjaviermarin.mx\/en\/wp-json\/tribe\/events\/v1\/events\/3817","title":"KIMONOS Y DISE\u00d1OS DE MINORU KOBAYASHI + Huellas de Jap\u00f3n en la moda mexicana:1\/8 Takamura \/ \u00c1urea Bucio \/ Carla Fern\u00e1ndez \/ Julia y Renata","description":"<div class=\"wpb-content-wrapper\"><p>[vc_row css_animation=&#8221;&#8221; row_type=&#8221;row&#8221; use_row_as_full_screen_section=&#8221;no&#8221; type=&#8221;full_width&#8221; angled_section=&#8221;no&#8221; text_align=&#8221;left&#8221; background_image_as_pattern=&#8221;without_pattern&#8221; padding_top=&#8221;60&#8243;][vc_column][vc_column_text]<\/p>\n<h3>Descripci\u00f3n<\/h3>\n<p>[\/vc_column_text][vc_separator type=&#8221;normal&#8221; down=&#8221;30&#8243;][vc_column_text]<\/p>\n<h4 class=\"news-title\"><strong>Kimonos y Dise\u00f1os de Minoru Kibayashi + Huellas de Jap\u00f3n<\/strong><\/h4>\n<div class=\"news-details\">\n<p><strong>en la moda mexicana:1\/8 Takamura \/ \u00c1urea Bucio \/ Carla Fern\u00e1ndez \/ Julia y Renata<\/strong><\/p>\n<p>OPENING:<br \/>\n16.10.19 \/ 18.00 H<br \/>\nCentro Cultural Clavijero<br \/>\nMorelia, Michoac\u00e1n<\/p>\n<\/div>\n<p>[\/vc_column_text][vc_empty_space height=&#8221;60px&#8221;][vc_column_text][\/vc_column_text][vc_separator type=&#8221;normal&#8221; down=&#8221;30&#8243;][\/vc_column][\/vc_row]<\/p>\n<\/div>","excerpt":"<p>OPENING:<br \/>\n16.10.19 \/ 18.00 H<br \/>\nCentro Cultural Clavijero<br \/>\nMorelia, Michoac\u00e1n<\/p>","slug":"kimonosydisenosccc","image":{"url":"https:\/\/fundacionjaviermarin.mx\/wp-content\/uploads\/2019\/10\/15_Mail-INAUG-kimonos-Clavijero-898x1234pix-03.jpg","id":3801,"extension":"jpg","width":898,"height":1234,"sizes":{"thumbnail":{"width":150,"height":150,"mime-type":"image\/jpeg","url":"https:\/\/fundacionjaviermarin.mx\/wp-content\/uploads\/2019\/10\/15_Mail-INAUG-kimonos-Clavijero-898x1234pix-03-150x150.jpg"},"medium":{"width":437,"height":600,"mime-type":"image\/jpeg","url":"https:\/\/fundacionjaviermarin.mx\/wp-content\/uploads\/2019\/10\/15_Mail-INAUG-kimonos-Clavijero-898x1234pix-03-437x600.jpg"},"medium_large":{"width":768,"height":1055,"mime-type":"image\/jpeg","url":"https:\/\/fundacionjaviermarin.mx\/wp-content\/uploads\/2019\/10\/15_Mail-INAUG-kimonos-Clavijero-898x1234pix-03-768x1055.jpg"},"large":{"width":745,"height":1024,"mime-type":"image\/jpeg","url":"https:\/\/fundacionjaviermarin.mx\/wp-content\/uploads\/2019\/10\/15_Mail-INAUG-kimonos-Clavijero-898x1234pix-03-745x1024.jpg"},"portfolio-square":{"width":570,"height":570,"mime-type":"image\/jpeg","url":"https:\/\/fundacionjaviermarin.mx\/wp-content\/uploads\/2019\/10\/15_Mail-INAUG-kimonos-Clavijero-898x1234pix-03-570x570.jpg"},"portfolio-portrait":{"width":600,"height":800,"mime-type":"image\/jpeg","url":"https:\/\/fundacionjaviermarin.mx\/wp-content\/uploads\/2019\/10\/15_Mail-INAUG-kimonos-Clavijero-898x1234pix-03-600x800.jpg"},"portfolio-landscape":{"width":800,"height":600,"mime-type":"image\/jpeg","url":"https:\/\/fundacionjaviermarin.mx\/wp-content\/uploads\/2019\/10\/15_Mail-INAUG-kimonos-Clavijero-898x1234pix-03-800x600.jpg"},"menu-featured-post":{"width":345,"height":198,"mime-type":"image\/jpeg","url":"https:\/\/fundacionjaviermarin.mx\/wp-content\/uploads\/2019\/10\/15_Mail-INAUG-kimonos-Clavijero-898x1234pix-03-345x198.jpg"},"qode-carousel_slider":{"width":400,"height":260,"mime-type":"image\/jpeg","url":"https:\/\/fundacionjaviermarin.mx\/wp-content\/uploads\/2019\/10\/15_Mail-INAUG-kimonos-Clavijero-898x1234pix-03-400x260.jpg"},"portfolio_slider":{"width":500,"height":380,"mime-type":"image\/jpeg","url":"https:\/\/fundacionjaviermarin.mx\/wp-content\/uploads\/2019\/10\/15_Mail-INAUG-kimonos-Clavijero-898x1234pix-03-500x380.jpg"},"portfolio_masonry_regular":{"width":500,"height":500,"mime-type":"image\/jpeg","url":"https:\/\/fundacionjaviermarin.mx\/wp-content\/uploads\/2019\/10\/15_Mail-INAUG-kimonos-Clavijero-898x1234pix-03-500x500.jpg"},"portfolio_masonry_wide":{"width":898,"height":500,"mime-type":"image\/jpeg","url":"https:\/\/fundacionjaviermarin.mx\/wp-content\/uploads\/2019\/10\/15_Mail-INAUG-kimonos-Clavijero-898x1234pix-03-898x500.jpg"},"portfolio_masonry_tall":{"width":500,"height":1000,"mime-type":"image\/jpeg","url":"https:\/\/fundacionjaviermarin.mx\/wp-content\/uploads\/2019\/10\/15_Mail-INAUG-kimonos-Clavijero-898x1234pix-03-500x1000.jpg"},"portfolio_masonry_large":{"width":898,"height":1000,"mime-type":"image\/jpeg","url":"https:\/\/fundacionjaviermarin.mx\/wp-content\/uploads\/2019\/10\/15_Mail-INAUG-kimonos-Clavijero-898x1234pix-03-898x1000.jpg"},"portfolio_masonry_with_space":{"width":700,"height":962,"mime-type":"image\/jpeg","url":"https:\/\/fundacionjaviermarin.mx\/wp-content\/uploads\/2019\/10\/15_Mail-INAUG-kimonos-Clavijero-898x1234pix-03-700x962.jpg"},"latest_post_boxes":{"width":539,"height":303,"mime-type":"image\/jpeg","url":"https:\/\/fundacionjaviermarin.mx\/wp-content\/uploads\/2019\/10\/15_Mail-INAUG-kimonos-Clavijero-898x1234pix-03-539x303.jpg"}}},"all_day":false,"start_date":"2019-10-16 18:00:00","start_date_details":{"year":"2019","month":"10","day":"16","hour":"18","minutes":"00","seconds":"00"},"end_date":"2019-10-16 20:00:00","end_date_details":{"year":"2019","month":"10","day":"16","hour":"20","minutes":"00","seconds":"00"},"utc_start_date":"2019-10-16 18:00:00","utc_start_date_details":{"year":"2019","month":"10","day":"16","hour":"18","minutes":"00","seconds":"00"},"utc_end_date":"2019-10-16 20:00:00","utc_end_date_details":{"year":"2019","month":"10","day":"16","hour":"20","minutes":"00","seconds":"00"},"timezone":"UTC+0","timezone_abbr":"UTC+0","cost":"Free","cost_details":{"currency_symbol":"","currency_position":"prefix","values":["0"]},"website":"www.fundacionjaviermarin.mx","show_map":true,"show_map_link":true,"hide_from_listings":false,"sticky":false,"featured":false,"categories":[{"name":"Plastic Artist","slug":"plastic-artist","term_group":0,"term_taxonomy_id":44,"taxonomy":"tribe_events_cat","description":"","parent":0,"count":10,"filter":"raw","id":44,"urls":{"self":"https:\/\/fundacionjaviermarin.mx\/en\/wp-json\/tribe\/events\/v1\/categories\/44","collection":"https:\/\/fundacionjaviermarin.mx\/en\/wp-json\/tribe\/events\/v1\/categories"}}],"tags":[],"venue":{"id":3803,"author":"5","status":"publish","date":"2019-10-14 17:59:44","date_utc":"2019-10-14 22:59:44","modified":"2019-10-14 17:59:44","modified_utc":"2019-10-14 22:59:44","url":"https:\/\/fundacionjaviermarin.mx\/venue\/centro-cultural-clavijero\/","venue":"Centro Cultural Clavijero","slug":"centro-cultural-clavijero","address":"Nigromante 79, Centro Hist\u00f3rico","city":"Morelia","country":"M\u00e9xico","province":"Michoac\u00e1n","zip":"58000","phone":"443 312 0412","website":"www.ccclavijero.mx","stateprovince":"Michoac\u00e1n","json_ld":{"@type":"Place","name":"Centro Cultural Clavijero","description":"","url":"https:\/\/fundacionjaviermarin.mx\/venue\/centro-cultural-clavijero\/","address":{"@type":"PostalAddress","streetAddress":"Nigromante 79, Centro Hist\u00f3rico","addressLocality":"Morelia","addressRegion":"Michoac\u00e1n","postalCode":"58000","addressCountry":"M\u00e9xico"},"telephone":"443 312 0412","sameAs":"www.ccclavijero.mx"},"show_map":true,"show_map_link":true,"global_id":"fundacionjaviermarin.mx\/en\/?id=3803","global_id_lineage":["fundacionjaviermarin.mx\/en\/?id=3803"]},"organizer":[{"id":1291,"author":"5","status":"publish","date":"2017-10-10 15:25:10","date_utc":"2017-10-10 20:25:10","modified":"2017-10-10 15:25:10","modified_utc":"2017-10-10 20:25:10","url":"https:\/\/fundacionjaviermarin.mx\/en\/organizer\/terreno-baldio-arte\/","organizer":"Terreno Bald\u00edo Arte","slug":"terreno-baldio-arte","json_ld":{"@type":"Person","name":"Terreno Bald\u00edo Arte","description":"","url":"https:\/\/fundacionjaviermarin.mx\/en\/organizer\/terreno-baldio-arte\/","telephone":"","email":"","sameAs":""},"global_id":"fundacionjaviermarin.mx\/en\/?id=1291","global_id_lineage":["fundacionjaviermarin.mx\/en\/?id=1291"]},{"id":330,"author":"1","status":"publish","date":"2017-06-12 12:15:29","date_utc":"2017-06-12 17:15:29","modified":"2020-01-20 15:15:55","modified_utc":"2020-01-20 21:15:55","url":"https:\/\/fundacionjaviermarin.mx\/organizer\/guadalupe-rodriguez-luevano\/","organizer":"Fundaci\u00f3n Javier Mar\u00edn","slug":"guadalupe-rodriguez-luevano","phone":"(55) 5264 8498","email":"contacto@fundacionjaviermarin.mx","json_ld":{"@type":"Person","name":"Fundaci\u00f3n Javier Mar\u00edn","description":"","url":"https:\/\/fundacionjaviermarin.mx\/organizer\/guadalupe-rodriguez-luevano\/","telephone":"(55) 5264 8498","email":"&#99;o&#110;&#116;ac&#116;o&#64;fundaci&#111;nj&#97;vi&#101;&#114;m&#97;ri&#110;.mx","sameAs":""},"global_id":"fundacionjaviermarin.mx\/en\/?id=330","global_id_lineage":["fundacionjaviermarin.mx\/en\/?id=330"]}],"json_ld":{"@context":"http:\/\/schema.org","@type":"Event","name":"KIMONOS Y DISE\u00d1OS DE MINORU KOBAYASHI + Huellas de Jap\u00f3n en la moda mexicana:1\/8 Takamura \/ \u00c1urea Bucio \/ Carla Fern\u00e1ndez \/ Julia y Renata","description":"&lt;p&gt;OPENING:&lt;br \/&gt;\\n16.10.19 \/ 18.00 H&lt;br \/&gt;\\nCentro Cultural Clavijero&lt;br \/&gt;\\nMorelia, Michoac\u00e1n&lt;\/p&gt;\\n","image":"https:\/\/fundacionjaviermarin.mx\/wp-content\/uploads\/2019\/10\/15_Mail-INAUG-kimonos-Clavijero-898x1234pix-03.jpg","url":"https:\/\/fundacionjaviermarin.mx\/en\/encuentro\/kimonosydisenosccc\/","startDate":"2019-10-16T18:00:00+00:00","endDate":"2019-10-16T20:00:00+00:00","location":{"@type":"Place","name":"Centro Cultural Clavijero","description":"","url":"https:\/\/fundacionjaviermarin.mx\/venue\/centro-cultural-clavijero\/","address":{"@type":"PostalAddress","streetAddress":"Nigromante 79, Centro Hist\u00f3rico","addressLocality":"Morelia","addressRegion":"Michoac\u00e1n","postalCode":"58000","addressCountry":"M\u00e9xico"},"telephone":"443 312 0412","sameAs":"www.ccclavijero.mx"},"organizer":{"@type":"Person","name":"Terreno Bald\u00edo Arte","description":"","url":"https:\/\/fundacionjaviermarin.mx\/en\/organizer\/terreno-baldio-arte\/","telephone":"","email":"","sameAs":""},"offers":{"@type":"Offer","price":"0","priceCurrency":"USD","url":"https:\/\/fundacionjaviermarin.mx\/en\/encuentro\/kimonosydisenosccc\/","category":"primary","availability":"inStock","validFrom":"2019-10-14T00:00:00+00:00"},"performer":"Organization"}}