{"id":6434,"date":"2023-01-19T15:56:33","date_gmt":"2023-01-19T21:56:33","guid":{"rendered":"https:\/\/fundacionjaviermarin.mx\/?p=6434"},"modified":"2023-01-19T15:56:33","modified_gmt":"2023-01-19T21:56:33","slug":"exhibition-punto-de-partida-modas-tramas-y-textiles-el-palacio-de-hierro-polanco","status":"publish","type":"post","link":"https:\/\/fundacionjaviermarin.mx\/en\/exhibition-punto-de-partida-modas-tramas-y-textiles-el-palacio-de-hierro-polanco\/","title":{"rendered":"Punto de Partida. Modas tramas y textiles. El Palacio de Hierro Polanco"},"content":{"rendered":"<h3>Exposici\u00f3n Punto de Partida. Modas, tramas y textiles. 50 Dise\u00f1adores mexicanos en El Palacio de Hierro Polanco.<\/h3>\n<h3>18 de enero al 14 de febrero de 2023. 11h a 21h<br \/>\nEntrada libre.<\/h3>\n<p>\u2022 <strong>La Fundaci\u00f3n Javier Mar\u00edn presenta la exposici\u00f3n \u201cPunto de Partida. Modas, tramas y textiles\u201d bajo la curadur\u00eda de Ana Elena Mallet, la direcci\u00f3n art\u00edstica de Javier Mar\u00edn y la mirada de 50 dise\u00f1adores mexicanos en El Palacio de Hierro Polanco, en la Ciudad de M\u00e9xico.<\/strong><\/p>\n<p><strong>\u2022La exposici\u00f3n fue mostrada inicialmente en Uruapan Michoac\u00e1n, en el Centro cultural F\u00e1brica de San Pedro, dirigido por la Fundaci\u00f3n Javier Mar\u00edn, un punto de partida en el que se hizo referencia al legado textil de esta Antigua F\u00e1brica, as\u00ed como a la vocaci\u00f3n colectiva y comunitaria de este nuevo espacio p\u00fablico.<\/strong><\/p>\n<p><strong>\u2022La adaptaci\u00f3n de esta muestra para el Palacio de Hierro da oportunidad a los habitantes de la Ciudad de M\u00e9xico de ver esta propuesta en \u201ctoile\u201d de dise\u00f1o de moda mexicano actual. La <\/strong><strong>exposici\u00f3n permanecer\u00e1 del 18 de enero al 14 de febrero pr\u00f3ximo, todos los d\u00edas de 11h a 21h, entrada libre.<\/strong><\/p>\n<p>Ciudad de M\u00e9xico-. El 17 de enero, la Fundaci\u00f3n Javier Mar\u00edn y El Palacio de Hierro inauguraron la exposici\u00f3n \u201cPunto de Partida. Modas, tramas y textiles\u201d en El Palacio de Hierro Polanco.<\/p>\n<p>Por invitaci\u00f3n de El Palacio de Hierro, llega a la Ciudad de M\u00e9xico \u201cPunto de Partida. Modas, tramas y textiles\u201d bajo la curadur\u00eda de Ana Elena Mallet, la direcci\u00f3n art\u00edstica de Javier Mar\u00edn y la mirada de 50 dise\u00f1adores de moda participantes que nos ofrecen en 100 siluetas confeccionadas en manta cruda (\u201ctoile\u201d), prendas pensadas como bocetos de prueba antes de aventurarse a la prenda final.<\/p>\n<p>Desde el a\u00f1o 2017 la Fundaci\u00f3n Javier Mar\u00edn se dio a la labor de crear un Centro Cultural, en la emblem\u00e1tica F\u00e1brica de Hilados y Tejidos de San Pedro en la ribera del r\u00edo Cupatitzio, en Uruapan, Michoac\u00e1n. La historia de la ciudad de Uruapan est\u00e1 \u00edntimamente ligada a los textiles por sus f\u00e1bricas de hilados y tejidos construidas en el siglo XIX.<\/p>\n<p>Para la inauguraci\u00f3n en abril del 2022 de este nuevo espacio de conocimiento y creatividad dedicado al arte, dise\u00f1o y cultura alimentaria, la curadora Ana Elena Mallet, y el artista pl\u00e1stico Javier Mar\u00edn, inspirados por el legado textil de la Antigua F\u00e1brica, convocaron a los dise\u00f1adores de moda contempor\u00e1neos para participar en la primera manifestaci\u00f3n comunitaria y art\u00edstica: \u201cPunto de partida. Modas, tramas y textiles\u201d. Su misi\u00f3n: realizar tres siluetas completas o looks en manta cruda, evocando una \u201ctoile\u201d, es decir el boceto o prenda de prueba que los dise\u00f1adores y\/o modistos realizan con el fin de hacer cambios antes de aventurarse a la prenda final.<\/p>\n<p>Con entusiasmo, se sumaron a este llamado 50 dise\u00f1adores de moda de todo el pa\u00eds: 1\/8 Takamura, Alberto Rodr\u00edguez, Alejandra Quesada, Armanto Takeda, Aurea Bucio, Aurora Ares, Benito Santos, Carla Fern\u00e1ndez, Carmen Rion, Casa Nortes, Casilda Mut, Cecilia Garc\u00eda Molinero, CIHUAH, Collectiva Concepci\u00f3n, Costaiia, Cynthia Buttenklepper, Diana Altamirano, El Llamafante, ESANT, Fernanda Mereles, Gabriel Ortiz de Ora, Grieve, Guillermo Jester, Guillermo Le\u00f3n, Guillermo Meraz, H\u00e9ctor Serna, Iv\u00e1n \u00c1valos, Korimi Kids, Macario Jim\u00e9nez, MANCANDY, Minoru Kobayashi, Natalia Silva, Paulina y Malinali, PTRA, Pink Magnolia, Ra\u00fal Ozuna, Ren\u00e9 Orozco, Sadie Trigueros, Sandra Weil, Simple by Trista, Sophie Massun, Steph Orozco, Takasami, Ximena Corcuera, Yakampot, Yoloxochitl Alvarado.<\/p>\n<p>La exposici\u00f3n permanecer\u00e1 del 18 de enero al 14 de febrero de 2023, todos los d\u00edas de 11h a 21h, entrada libre.<\/p>\n<p>@elpalaciodehierro<\/p>\n<p>@fundacionjaviermarin<\/p>\n<p>@fabricadesanpedro<\/p>\n<p>#puntodepartidauruapan<\/p>\n","protected":false},"excerpt":{"rendered":"<p>January 18 &#8211; February 14<br \/>\nMexico City<\/p>\n","protected":false},"author":5,"featured_media":6422,"comment_status":"open","ping_status":"open","sticky":false,"template":"","format":"standard","meta":{"footnotes":""},"categories":[43],"tags":[],"class_list":["post-6434","post","type-post","status-publish","format-standard","has-post-thumbnail","hentry","category-news"],"_links":{"self":[{"href":"https:\/\/fundacionjaviermarin.mx\/en\/wp-json\/wp\/v2\/posts\/6434","targetHints":{"allow":["GET"]}}],"collection":[{"href":"https:\/\/fundacionjaviermarin.mx\/en\/wp-json\/wp\/v2\/posts"}],"about":[{"href":"https:\/\/fundacionjaviermarin.mx\/en\/wp-json\/wp\/v2\/types\/post"}],"author":[{"embeddable":true,"href":"https:\/\/fundacionjaviermarin.mx\/en\/wp-json\/wp\/v2\/users\/5"}],"replies":[{"embeddable":true,"href":"https:\/\/fundacionjaviermarin.mx\/en\/wp-json\/wp\/v2\/comments?post=6434"}],"version-history":[{"count":3,"href":"https:\/\/fundacionjaviermarin.mx\/en\/wp-json\/wp\/v2\/posts\/6434\/revisions"}],"predecessor-version":[{"id":6438,"href":"https:\/\/fundacionjaviermarin.mx\/en\/wp-json\/wp\/v2\/posts\/6434\/revisions\/6438"}],"wp:featuredmedia":[{"embeddable":true,"href":"https:\/\/fundacionjaviermarin.mx\/en\/wp-json\/wp\/v2\/media\/6422"}],"wp:attachment":[{"href":"https:\/\/fundacionjaviermarin.mx\/en\/wp-json\/wp\/v2\/media?parent=6434"}],"wp:term":[{"taxonomy":"category","embeddable":true,"href":"https:\/\/fundacionjaviermarin.mx\/en\/wp-json\/wp\/v2\/categories?post=6434"},{"taxonomy":"post_tag","embeddable":true,"href":"https:\/\/fundacionjaviermarin.mx\/en\/wp-json\/wp\/v2\/tags?post=6434"}],"curies":[{"name":"wp","href":"https:\/\/api.w.org\/{rel}","templated":true}]}}